{"id":22381,"date":"2024-08-16T03:12:00","date_gmt":"2024-08-16T03:12:00","guid":{"rendered":"https:\/\/beauty.latamcatalog.aptar.com\/?p=22381"},"modified":"2024-08-16T14:20:04","modified_gmt":"2024-08-16T14:20:04","slug":"caminhao-a-gas-da-aptar-tem-medidas-ampliadas-e-garante-reducao-de-ate-25-na-emissao-de-co2","status":"publish","type":"post","link":"https:\/\/beauty.latamcatalog.aptar.com\/en\/caminhao-a-gas-da-aptar-tem-medidas-ampliadas-e-garante-reducao-de-ate-25-na-emissao-de-co2\/","title":{"rendered":"<p>Aptar&#039;s gas truck has expanded measures and guarantees a reduction of up to 25% in CO2 emissions<\/p>"},"content":{"rendered":"<p>Aptar Beauty announces the launch of a <strong>gas truck with autonomy over 1300 km<\/strong>. The vehicle has just been completed and should speed up the distribution of the company&#039;s packaging throughout Brazil, reducing CO2 emissions.<figure class=\"wp-block-gallery has-nested-images columns-default is-cropped wp-block-gallery-1 is-layout-flex wp-block-gallery-is-layout-flex\">\n<figure class=\"wp-block-image size-large\"><a href=\"https:\/\/beauty.latamcatalog.aptar.com\/wp-content\/uploads\/2024\/08\/WhatsApp-Image-2024-08-16-at-11.04.49-1-e1723817610420.jpeg\"><img decoding=\"async\" width=\"1024\" height=\"616\" data-id=\"22394\" src=\"https:\/\/beauty.latamcatalog.aptar.com\/wp-content\/uploads\/2024\/08\/WhatsApp-Image-2024-08-16-at-11.04.49-1-e1723817610420-1024x616.jpeg\" alt=\"\" class=\"wp-image-22394\" srcset=\"https:\/\/beauty.latamcatalog.aptar.com\/wp-content\/uploads\/2024\/08\/WhatsApp-Image-2024-08-16-at-11.04.49-1-e1723817610420-1024x616.jpeg 1024w, https:\/\/beauty.latamcatalog.aptar.com\/wp-content\/uploads\/2024\/08\/WhatsApp-Image-2024-08-16-at-11.04.49-1-e1723817610420-300x181.jpeg 300w, https:\/\/beauty.latamcatalog.aptar.com\/wp-content\/uploads\/2024\/08\/WhatsApp-Image-2024-08-16-at-11.04.49-1-e1723817610420-768x462.jpeg 768w, https:\/\/beauty.latamcatalog.aptar.com\/wp-content\/uploads\/2024\/08\/WhatsApp-Image-2024-08-16-at-11.04.49-1-e1723817610420-18x12.jpeg 18w, https:\/\/beauty.latamcatalog.aptar.com\/wp-content\/uploads\/2024\/08\/WhatsApp-Image-2024-08-16-at-11.04.49-1-e1723817610420-600x361.jpeg 600w, https:\/\/beauty.latamcatalog.aptar.com\/wp-content\/uploads\/2024\/08\/WhatsApp-Image-2024-08-16-at-11.04.49-1-e1723817610420.jpeg 1200w\" sizes=\"(max-width: 1024px) 100vw, 1024px\"><\/a><\/figure>\n<\/figure><p class=\"has-text-align-center has-small-font-size\">President of Latin America Emerson Gambera at the inauguration of the Aptar Beauty CNG truck<\/p><p>The Volkswagen truck was fully customized by BT Log\u00edstica, with support from MWM, a Tupy subsidiary, which carried out the vehicle transformation, replacing the diesel engine with a new 100% gas engine. &quot;In addition to reducing fuel costs, with the new vehicle, Aptar gains autonomy and agility in the transportation of our products to practically all of the company&#039;s plants in Brazil: from Cajamar and Jundia\u00ed, in SP, to Maring\u00e1, in PR, or in Cama\u00e7ari, BA,&quot; celebrates the President of Aptar Beauty Latin America, Emerson Gambera.<\/p><p>Replacing the diesel engine with the new gas engine also contributes to reducing CO2 emissions in the transportation of packaging, contributing to the preservation of the ozone layer and increasing climate resilience. \u201cThis is undoubtedly a significant milestone for Aptar,\u201d reinforces Gambera.<\/p><p>The vehicle transformation, carried out by MWM, was not the only customization that BT Log\u00edstica made to the truck. In order to transport even more packages in a single trip, the vehicle&#039;s dimensions were increased: while a standard truck is approximately 7.5 meters long and 2.5 meters high and wide, Aptar&#039;s truck is 11.5 meters long and 3.2 meters high and wide. &quot;The result is that Aptar now has a vehicle that not only maximizes energy efficiency, but also fully utilizes the length, height and width limits, without disregarding the limits established by regulatory agencies,&quot; explains BT Log\u00edstica&#039;s General Director, Daniel Toloni.<\/p><p>The gas used in the truck is from Comg\u00e1s, the largest natural gas distributor in Latin America, and the partnership with BT Log\u00edstica is part of an initiative that aims to accelerate the development of the natural gas for vehicles (NGV) market for heavy vehicles and fulfill the commitment to reducing greenhouse gas emissions. \u201cThe transformation reduced the engine noise level, which brings more comfort and satisfaction to the driver and to the environment. The refueling time of NGV-powered trucks using the high-flow nozzle is very similar to that of diesel, placing NGV in an extremely viable and competitive position in the environmental, operational and financial pillars. The engine also runs on biomethane and, in this case, would mean a reduction of more than 90% in greenhouse gas (GHG) emissions,\u201d says Toloni.<\/p><p>Cristian Malevic, engineering director and head of MWM&#039;s decarbonization and electric energy solutions unit, highlights that the launch of the truck with vehicle transformation, carried out by MWM and with a range of 1,300 km, through the partnership with BT Log\u00edstica and Aptar Beauty, represents an important milestone in the adoption of sustainable solutions in the transportation sector. &quot;In addition to contributing to increased climate resilience by reducing GHG emissions, there are other benefits, such as reduced operating costs, ease of maintenance, with approximately 85% of the components common to the diesel engine identical, and still maintaining torque and power performance similar to that of the original diesel engine,&quot; explains Malevic.<\/p><p>Another benefit of the project is that the truck enables Aptar customers to reduce their carbon footprint. \u201cOur ability to provide more sustainable solutions aligned with our customers\u2019 purposes goes beyond the production of components and packaging. The truck not only represents a technological innovation, but also our serious commitment to sustainability \u2013 and signals to the entire packaging chain the importance of understanding the environmental impact of the sector in a holistic way,\u201d concludes Gambera.<\/p><p>To learn more about Aptar\u2019s global commitments, visit:<\/p><p><a href=\"https:\/\/aptar.com\/esg\/focus-areas\/\">https:\/\/aptar.com\/esg\/focus-areas\/<\/a><\/p><div class=\"wp-block-image\">\n<figure class=\"aligncenter size-large is-resized\"><a href=\"https:\/\/beauty.latamcatalog.aptar.com\/wp-content\/uploads\/2024\/08\/WhatsApp-Image-2024-08-16-at-11.04.50.jpeg\"><img decoding=\"async\" width=\"768\" height=\"1024\" src=\"https:\/\/beauty.latamcatalog.aptar.com\/wp-content\/uploads\/2024\/08\/WhatsApp-Image-2024-08-16-at-11.04.50-768x1024.jpeg\" alt=\"\" class=\"wp-image-22390\" style=\"aspect-ratio:0.75;width:412px;height:auto\" srcset=\"https:\/\/beauty.latamcatalog.aptar.com\/wp-content\/uploads\/2024\/08\/WhatsApp-Image-2024-08-16-at-11.04.50-768x1024.jpeg 768w, https:\/\/beauty.latamcatalog.aptar.com\/wp-content\/uploads\/2024\/08\/WhatsApp-Image-2024-08-16-at-11.04.50-225x300.jpeg 225w, https:\/\/beauty.latamcatalog.aptar.com\/wp-content\/uploads\/2024\/08\/WhatsApp-Image-2024-08-16-at-11.04.50-1152x1536.jpeg 1152w, https:\/\/beauty.latamcatalog.aptar.com\/wp-content\/uploads\/2024\/08\/WhatsApp-Image-2024-08-16-at-11.04.50-9x12.jpeg 9w, https:\/\/beauty.latamcatalog.aptar.com\/wp-content\/uploads\/2024\/08\/WhatsApp-Image-2024-08-16-at-11.04.50-600x800.jpeg 600w, https:\/\/beauty.latamcatalog.aptar.com\/wp-content\/uploads\/2024\/08\/WhatsApp-Image-2024-08-16-at-11.04.50.jpeg 1200w\" sizes=\"(max-width: 768px) 100vw, 768px\"><\/a><\/figure><\/div><\/p>","protected":false},"excerpt":{"rendered":"<p>Aptar Beauty announces the launch of a gas-powered truck with a range of over 1,300 km. The vehicle has just been completed and should speed up the distribution of the company\u2019s packaging throughout Brazil, reducing CO2 emissions. President of Latin America Emerson Gambera at the inauguration of the Aptar Beauty CNG truck [\u2026]<\/p>","protected":false},"author":18,"featured_media":22389,"comment_status":"open","ping_status":"open","sticky":false,"template":"","format":"standard","meta":{"inline_featured_image":false,"footnotes":""},"categories":[191],"tags":[],"aptar-tags":[314,308],"acf":[],"yoast_head":"<!-- This site is optimized with the Yoast SEO plugin v21.0 - https:\/\/yoast.com\/wordpress\/plugins\/seo\/ -->\n<title>Caminh\u00e3o a g\u00e1s da Aptar tem medidas ampliadas e garante redu\u00e7\u00e3o de at\u00e9 25% na emiss\u00e3o de CO2 - Latam Catalog<\/title>\n<meta name=\"robots\" content=\"index, follow, max-snippet:-1, max-image-preview:large, max-video-preview:-1\" \/>\n<link rel=\"canonical\" href=\"https:\/\/beauty.latamcatalog.aptar.com\/en\/caminhao-a-gas-da-aptar-tem-medidas-ampliadas-e-garante-reducao-de-ate-25-na-emissao-de-co2\/\" \/>\n<meta property=\"og:locale\" content=\"en_US\" \/>\n<meta property=\"og:type\" content=\"article\" \/>\n<meta property=\"og:title\" content=\"Caminh\u00e3o a g\u00e1s da Aptar tem medidas ampliadas e garante redu\u00e7\u00e3o de at\u00e9 25% na emiss\u00e3o de CO2 - Latam Catalog\" \/>\n<meta property=\"og:description\" content=\"A Aptar Beauty anuncia o lan\u00e7amento de um caminh\u00e3o a g\u00e1s com autonomia superior a 1300 km. O ve\u00edculo acaba de ficar pronto e deve agilizar a distribui\u00e7\u00e3o de embalagens da empresa em todo o Brasil, com redu\u00e7\u00e3o da emiss\u00e3o de CO2. Presidente da Am\u00e9rica Latina Emerson Gambera na inaugura\u00e7\u00e3o do caminh\u00e3o GNV Aptar Beauty [&hellip;]\" \/>\n<meta property=\"og:url\" content=\"https:\/\/beauty.latamcatalog.aptar.com\/en\/caminhao-a-gas-da-aptar-tem-medidas-ampliadas-e-garante-reducao-de-ate-25-na-emissao-de-co2\/\" \/>\n<meta property=\"og:site_name\" content=\"Latam Catalog\" \/>\n<meta property=\"article:published_time\" content=\"2024-08-16T03:12:00+00:00\" \/>\n<meta property=\"article:modified_time\" content=\"2024-08-16T14:20:04+00:00\" \/>\n<meta property=\"og:image\" content=\"https:\/\/beauty.latamcatalog.aptar.com\/wp-content\/uploads\/2024\/08\/WhatsApp-Image-2024-08-16-at-11.04.52-1-e1723817255197.jpeg\" \/>\n\t<meta property=\"og:image:width\" content=\"1200\" \/>\n\t<meta property=\"og:image:height\" content=\"1018\" \/>\n\t<meta property=\"og:image:type\" content=\"image\/jpeg\" \/>\n<meta name=\"author\" content=\"Mirelle Orpinelli\" \/>\n<meta name=\"twitter:card\" content=\"summary_large_image\" \/>\n<meta name=\"twitter:label1\" content=\"Written by\" \/>\n\t<meta name=\"twitter:data1\" content=\"Mirelle Orpinelli\" \/>\n\t<meta name=\"twitter:label2\" content=\"Est. reading time\" \/>\n\t<meta name=\"twitter:data2\" content=\"5 minutes\" \/>\n<script type=\"application\/ld+json\" class=\"yoast-schema-graph\">{\"@context\":\"https:\/\/schema.org\",\"@graph\":[{\"@type\":\"Article\",\"@id\":\"https:\/\/beauty.latamcatalog.aptar.com\/caminhao-a-gas-da-aptar-tem-medidas-ampliadas-e-garante-reducao-de-ate-25-na-emissao-de-co2\/#article\",\"isPartOf\":{\"@id\":\"https:\/\/beauty.latamcatalog.aptar.com\/caminhao-a-gas-da-aptar-tem-medidas-ampliadas-e-garante-reducao-de-ate-25-na-emissao-de-co2\/\"},\"author\":{\"name\":\"Mirelle Orpinelli\",\"@id\":\"https:\/\/beauty.latamcatalog.aptar.com\/#\/schema\/person\/11884fb3eab3cd41e28c2948ebf2d0ff\"},\"headline\":\"Caminh\u00e3o a g\u00e1s da Aptar tem medidas ampliadas e garante redu\u00e7\u00e3o de at\u00e9 25% na emiss\u00e3o de CO2\",\"datePublished\":\"2024-08-16T03:12:00+00:00\",\"dateModified\":\"2024-08-16T14:20:04+00:00\",\"mainEntityOfPage\":{\"@id\":\"https:\/\/beauty.latamcatalog.aptar.com\/caminhao-a-gas-da-aptar-tem-medidas-ampliadas-e-garante-reducao-de-ate-25-na-emissao-de-co2\/\"},\"wordCount\":770,\"commentCount\":0,\"publisher\":{\"@id\":\"https:\/\/beauty.latamcatalog.aptar.com\/#organization\"},\"articleSection\":[\"Not\u00edcias\"],\"inLanguage\":\"en-US\",\"potentialAction\":[{\"@type\":\"CommentAction\",\"name\":\"Comment\",\"target\":[\"https:\/\/beauty.latamcatalog.aptar.com\/caminhao-a-gas-da-aptar-tem-medidas-ampliadas-e-garante-reducao-de-ate-25-na-emissao-de-co2\/#respond\"]}]},{\"@type\":\"WebPage\",\"@id\":\"https:\/\/beauty.latamcatalog.aptar.com\/caminhao-a-gas-da-aptar-tem-medidas-ampliadas-e-garante-reducao-de-ate-25-na-emissao-de-co2\/\",\"url\":\"https:\/\/beauty.latamcatalog.aptar.com\/caminhao-a-gas-da-aptar-tem-medidas-ampliadas-e-garante-reducao-de-ate-25-na-emissao-de-co2\/\",\"name\":\"Caminh\u00e3o a g\u00e1s da Aptar tem medidas ampliadas e garante redu\u00e7\u00e3o de at\u00e9 25% na emiss\u00e3o de CO2 - Latam Catalog\",\"isPartOf\":{\"@id\":\"https:\/\/beauty.latamcatalog.aptar.com\/#website\"},\"datePublished\":\"2024-08-16T03:12:00+00:00\",\"dateModified\":\"2024-08-16T14:20:04+00:00\",\"breadcrumb\":{\"@id\":\"https:\/\/beauty.latamcatalog.aptar.com\/caminhao-a-gas-da-aptar-tem-medidas-ampliadas-e-garante-reducao-de-ate-25-na-emissao-de-co2\/#breadcrumb\"},\"inLanguage\":\"en-US\",\"potentialAction\":[{\"@type\":\"ReadAction\",\"target\":[\"https:\/\/beauty.latamcatalog.aptar.com\/caminhao-a-gas-da-aptar-tem-medidas-ampliadas-e-garante-reducao-de-ate-25-na-emissao-de-co2\/\"]}]},{\"@type\":\"BreadcrumbList\",\"@id\":\"https:\/\/beauty.latamcatalog.aptar.com\/caminhao-a-gas-da-aptar-tem-medidas-ampliadas-e-garante-reducao-de-ate-25-na-emissao-de-co2\/#breadcrumb\",\"itemListElement\":[{\"@type\":\"ListItem\",\"position\":1,\"name\":\"Home\",\"item\":\"https:\/\/beauty.latamcatalog.aptar.com\/\"},{\"@type\":\"ListItem\",\"position\":2,\"name\":\"Caminh\u00e3o a g\u00e1s da Aptar tem medidas ampliadas e garante redu\u00e7\u00e3o de at\u00e9 25% na emiss\u00e3o de CO2\"}]},{\"@type\":\"WebSite\",\"@id\":\"https:\/\/beauty.latamcatalog.aptar.com\/#website\",\"url\":\"https:\/\/beauty.latamcatalog.aptar.com\/\",\"name\":\"Latam Catalog\",\"description\":\"Aptar Latin America Catalog Website\",\"publisher\":{\"@id\":\"https:\/\/beauty.latamcatalog.aptar.com\/#organization\"},\"potentialAction\":[{\"@type\":\"SearchAction\",\"target\":{\"@type\":\"EntryPoint\",\"urlTemplate\":\"https:\/\/beauty.latamcatalog.aptar.com\/?s={search_term_string}\"},\"query-input\":\"required name=search_term_string\"}],\"inLanguage\":\"en-US\"},{\"@type\":\"Organization\",\"@id\":\"https:\/\/beauty.latamcatalog.aptar.com\/#organization\",\"name\":\"Aptar\",\"url\":\"https:\/\/beauty.latamcatalog.aptar.com\/\",\"logo\":{\"@type\":\"ImageObject\",\"inLanguage\":\"en-US\",\"@id\":\"https:\/\/beauty.latamcatalog.aptar.com\/#\/schema\/logo\/image\/\",\"url\":\"https:\/\/beauty.latamcatalog.aptar.com\/wp-content\/uploads\/2021\/11\/aptar_logo-01.png\",\"contentUrl\":\"https:\/\/beauty.latamcatalog.aptar.com\/wp-content\/uploads\/2021\/11\/aptar_logo-01.png\",\"width\":492,\"height\":175,\"caption\":\"Aptar\"},\"image\":{\"@id\":\"https:\/\/beauty.latamcatalog.aptar.com\/#\/schema\/logo\/image\/\"}},{\"@type\":\"Person\",\"@id\":\"https:\/\/beauty.latamcatalog.aptar.com\/#\/schema\/person\/11884fb3eab3cd41e28c2948ebf2d0ff\",\"name\":\"Mirelle Orpinelli\",\"image\":{\"@type\":\"ImageObject\",\"inLanguage\":\"en-US\",\"@id\":\"https:\/\/beauty.latamcatalog.aptar.com\/#\/schema\/person\/image\/\",\"url\":\"https:\/\/secure.gravatar.com\/avatar\/bbee1a1fdc857eae253d7f6850ee697e?s=96&d=mm&r=g\",\"contentUrl\":\"https:\/\/secure.gravatar.com\/avatar\/bbee1a1fdc857eae253d7f6850ee697e?s=96&d=mm&r=g\",\"caption\":\"Mirelle Orpinelli\"},\"url\":\"https:\/\/beauty.latamcatalog.aptar.com\/en\/author\/mirelle-orpinelli\/\"}]}<\/script>\n<!-- \/ Yoast SEO plugin. -->","yoast_head_json":{"title":"Caminh\u00e3o a g\u00e1s da Aptar tem medidas ampliadas e garante redu\u00e7\u00e3o de at\u00e9 25% na emiss\u00e3o de CO2 - Latam Catalog","robots":{"index":"index","follow":"follow","max-snippet":"max-snippet:-1","max-image-preview":"max-image-preview:large","max-video-preview":"max-video-preview:-1"},"canonical":"https:\/\/beauty.latamcatalog.aptar.com\/en\/caminhao-a-gas-da-aptar-tem-medidas-ampliadas-e-garante-reducao-de-ate-25-na-emissao-de-co2\/","og_locale":"en_US","og_type":"article","og_title":"Caminh\u00e3o a g\u00e1s da Aptar tem medidas ampliadas e garante redu\u00e7\u00e3o de at\u00e9 25% na emiss\u00e3o de CO2 - Latam Catalog","og_description":"A Aptar Beauty anuncia o lan\u00e7amento de um caminh\u00e3o a g\u00e1s com autonomia superior a 1300 km. O ve\u00edculo acaba de ficar pronto e deve agilizar a distribui\u00e7\u00e3o de embalagens da empresa em todo o Brasil, com redu\u00e7\u00e3o da emiss\u00e3o de CO2. Presidente da Am\u00e9rica Latina Emerson Gambera na inaugura\u00e7\u00e3o do caminh\u00e3o GNV Aptar Beauty [&hellip;]","og_url":"https:\/\/beauty.latamcatalog.aptar.com\/en\/caminhao-a-gas-da-aptar-tem-medidas-ampliadas-e-garante-reducao-de-ate-25-na-emissao-de-co2\/","og_site_name":"Latam Catalog","article_published_time":"2024-08-16T03:12:00+00:00","article_modified_time":"2024-08-16T14:20:04+00:00","og_image":[{"width":1200,"height":1018,"url":"https:\/\/beauty.latamcatalog.aptar.com\/wp-content\/uploads\/2024\/08\/WhatsApp-Image-2024-08-16-at-11.04.52-1-e1723817255197.jpeg","type":"image\/jpeg"}],"author":"Mirelle Orpinelli","twitter_card":"summary_large_image","twitter_misc":{"Written by":"Mirelle Orpinelli","Est. reading time":"5 minutes"},"schema":{"@context":"https:\/\/schema.org","@graph":[{"@type":"Article","@id":"https:\/\/beauty.latamcatalog.aptar.com\/caminhao-a-gas-da-aptar-tem-medidas-ampliadas-e-garante-reducao-de-ate-25-na-emissao-de-co2\/#article","isPartOf":{"@id":"https:\/\/beauty.latamcatalog.aptar.com\/caminhao-a-gas-da-aptar-tem-medidas-ampliadas-e-garante-reducao-de-ate-25-na-emissao-de-co2\/"},"author":{"name":"Mirelle Orpinelli","@id":"https:\/\/beauty.latamcatalog.aptar.com\/#\/schema\/person\/11884fb3eab3cd41e28c2948ebf2d0ff"},"headline":"Caminh\u00e3o a g\u00e1s da Aptar tem medidas ampliadas e garante redu\u00e7\u00e3o de at\u00e9 25% na emiss\u00e3o de CO2","datePublished":"2024-08-16T03:12:00+00:00","dateModified":"2024-08-16T14:20:04+00:00","mainEntityOfPage":{"@id":"https:\/\/beauty.latamcatalog.aptar.com\/caminhao-a-gas-da-aptar-tem-medidas-ampliadas-e-garante-reducao-de-ate-25-na-emissao-de-co2\/"},"wordCount":770,"commentCount":0,"publisher":{"@id":"https:\/\/beauty.latamcatalog.aptar.com\/#organization"},"articleSection":["Not\u00edcias"],"inLanguage":"en-US","potentialAction":[{"@type":"CommentAction","name":"Comment","target":["https:\/\/beauty.latamcatalog.aptar.com\/caminhao-a-gas-da-aptar-tem-medidas-ampliadas-e-garante-reducao-de-ate-25-na-emissao-de-co2\/#respond"]}]},{"@type":"WebPage","@id":"https:\/\/beauty.latamcatalog.aptar.com\/caminhao-a-gas-da-aptar-tem-medidas-ampliadas-e-garante-reducao-de-ate-25-na-emissao-de-co2\/","url":"https:\/\/beauty.latamcatalog.aptar.com\/caminhao-a-gas-da-aptar-tem-medidas-ampliadas-e-garante-reducao-de-ate-25-na-emissao-de-co2\/","name":"Caminh\u00e3o a g\u00e1s da Aptar tem medidas ampliadas e garante redu\u00e7\u00e3o de at\u00e9 25% na emiss\u00e3o de CO2 - Latam Catalog","isPartOf":{"@id":"https:\/\/beauty.latamcatalog.aptar.com\/#website"},"datePublished":"2024-08-16T03:12:00+00:00","dateModified":"2024-08-16T14:20:04+00:00","breadcrumb":{"@id":"https:\/\/beauty.latamcatalog.aptar.com\/caminhao-a-gas-da-aptar-tem-medidas-ampliadas-e-garante-reducao-de-ate-25-na-emissao-de-co2\/#breadcrumb"},"inLanguage":"en-US","potentialAction":[{"@type":"ReadAction","target":["https:\/\/beauty.latamcatalog.aptar.com\/caminhao-a-gas-da-aptar-tem-medidas-ampliadas-e-garante-reducao-de-ate-25-na-emissao-de-co2\/"]}]},{"@type":"BreadcrumbList","@id":"https:\/\/beauty.latamcatalog.aptar.com\/caminhao-a-gas-da-aptar-tem-medidas-ampliadas-e-garante-reducao-de-ate-25-na-emissao-de-co2\/#breadcrumb","itemListElement":[{"@type":"ListItem","position":1,"name":"Home","item":"https:\/\/beauty.latamcatalog.aptar.com\/"},{"@type":"ListItem","position":2,"name":"Caminh\u00e3o a g\u00e1s da Aptar tem medidas ampliadas e garante redu\u00e7\u00e3o de at\u00e9 25% na emiss\u00e3o de CO2"}]},{"@type":"WebSite","@id":"https:\/\/beauty.latamcatalog.aptar.com\/#website","url":"https:\/\/beauty.latamcatalog.aptar.com\/","name":"Latam Catalog","description":"Aptar Latin America Catalog Website","publisher":{"@id":"https:\/\/beauty.latamcatalog.aptar.com\/#organization"},"potentialAction":[{"@type":"SearchAction","target":{"@type":"EntryPoint","urlTemplate":"https:\/\/beauty.latamcatalog.aptar.com\/?s={search_term_string}"},"query-input":"required name=search_term_string"}],"inLanguage":"en-US"},{"@type":"Organization","@id":"https:\/\/beauty.latamcatalog.aptar.com\/#organization","name":"Aptar","url":"https:\/\/beauty.latamcatalog.aptar.com\/","logo":{"@type":"ImageObject","inLanguage":"en-US","@id":"https:\/\/beauty.latamcatalog.aptar.com\/#\/schema\/logo\/image\/","url":"https:\/\/beauty.latamcatalog.aptar.com\/wp-content\/uploads\/2021\/11\/aptar_logo-01.png","contentUrl":"https:\/\/beauty.latamcatalog.aptar.com\/wp-content\/uploads\/2021\/11\/aptar_logo-01.png","width":492,"height":175,"caption":"Aptar"},"image":{"@id":"https:\/\/beauty.latamcatalog.aptar.com\/#\/schema\/logo\/image\/"}},{"@type":"Person","@id":"https:\/\/beauty.latamcatalog.aptar.com\/#\/schema\/person\/11884fb3eab3cd41e28c2948ebf2d0ff","name":"Mirelle Orpinelli","image":{"@type":"ImageObject","inLanguage":"en-US","@id":"https:\/\/beauty.latamcatalog.aptar.com\/#\/schema\/person\/image\/","url":"https:\/\/secure.gravatar.com\/avatar\/bbee1a1fdc857eae253d7f6850ee697e?s=96&d=mm&r=g","contentUrl":"https:\/\/secure.gravatar.com\/avatar\/bbee1a1fdc857eae253d7f6850ee697e?s=96&d=mm&r=g","caption":"Mirelle Orpinelli"},"url":"https:\/\/beauty.latamcatalog.aptar.com\/en\/author\/mirelle-orpinelli\/"}]}},"_links":{"self":[{"href":"https:\/\/beauty.latamcatalog.aptar.com\/en\/wp-json\/wp\/v2\/posts\/22381"}],"collection":[{"href":"https:\/\/beauty.latamcatalog.aptar.com\/en\/wp-json\/wp\/v2\/posts"}],"about":[{"href":"https:\/\/beauty.latamcatalog.aptar.com\/en\/wp-json\/wp\/v2\/types\/post"}],"author":[{"embeddable":true,"href":"https:\/\/beauty.latamcatalog.aptar.com\/en\/wp-json\/wp\/v2\/users\/18"}],"replies":[{"embeddable":true,"href":"https:\/\/beauty.latamcatalog.aptar.com\/en\/wp-json\/wp\/v2\/comments?post=22381"}],"version-history":[{"count":4,"href":"https:\/\/beauty.latamcatalog.aptar.com\/en\/wp-json\/wp\/v2\/posts\/22381\/revisions"}],"predecessor-version":[{"id":22396,"href":"https:\/\/beauty.latamcatalog.aptar.com\/en\/wp-json\/wp\/v2\/posts\/22381\/revisions\/22396"}],"wp:featuredmedia":[{"embeddable":true,"href":"https:\/\/beauty.latamcatalog.aptar.com\/en\/wp-json\/wp\/v2\/media\/22389"}],"wp:attachment":[{"href":"https:\/\/beauty.latamcatalog.aptar.com\/en\/wp-json\/wp\/v2\/media?parent=22381"}],"wp:term":[{"taxonomy":"category","embeddable":true,"href":"https:\/\/beauty.latamcatalog.aptar.com\/en\/wp-json\/wp\/v2\/categories?post=22381"},{"taxonomy":"post_tag","embeddable":true,"href":"https:\/\/beauty.latamcatalog.aptar.com\/en\/wp-json\/wp\/v2\/tags?post=22381"},{"taxonomy":"aptar-tags","embeddable":true,"href":"https:\/\/beauty.latamcatalog.aptar.com\/en\/wp-json\/wp\/v2\/aptar-tags?post=22381"}],"curies":[{"name":"wp","href":"https:\/\/api.w.org\/{rel}","templated":true}]}}